{"id":1042,"date":"2018-03-20T09:10:04","date_gmt":"2018-03-20T08:10:04","guid":{"rendered":"http:\/\/www.parafiakuligow.pl\/?p=1042"},"modified":"2018-03-20T09:10:04","modified_gmt":"2018-03-20T08:10:04","slug":"18-marzec-2018-v-niedziela-wielkiego-postu","status":"publish","type":"post","link":"http:\/\/www.parafiakuligow.pl\/index.php\/2018\/03\/20\/18-marzec-2018-v-niedziela-wielkiego-postu\/","title":{"rendered":"18 marzec 2018 &#8211; V Niedziela Wielkiego Postu"},"content":{"rendered":"<ol>\n<li>Dzisiaj i w nast\u0119pn\u0105 niedziel\u0119 25 marca po Mszach \u015bw. przy wyj\u015bciu z \u00a0ko\u015bcio\u0142a b\u0119d\u0105 zbierane ofiary na kwiaty do grobu Pana Jezusa. Mo\u017cna te\u017c je z\u0142o\u017cy\u0107 osobi\u015bcie do ksi\u0119dza. Za wszystkie ofiary sk\u0142adamy serdeczne B\u00f3g zap\u0142a\u0107.<\/li>\n<li>Ze wzgl\u0119du na spowied\u017a w Radzyminie w dnach od 19 do 21 marca oraz w J\u00f3zefowie 24 marca, Msza \u015bw. w tych dniach\u00a0 zostanie odprawiona\u00a0 o \u00a0godz. 7.00.<\/li>\n<li>W poniedzia\u0142ek 19 marca przypada uroczysto\u015b\u0107 \u015bw. J\u00f3zefa Oblubie\u0144ca NMP. Wszystkim solenizantom i solenizantkom sk\u0142adamy \u017cyczenia Bo\u017cego b\u0142ogos\u0142awie\u0144stwa i opieki \u015bw. patrona.<\/li>\n<li>Zapraszamy do udzia\u0142u w wielkopostnych nabo\u017ce\u0144stwach ku czci M\u0119ki Pa\u0144skiej. Droga Krzy\u017cowa w pi\u0105tek o godz. 17.30. Gorzkie \u017bale w Niedziele po Mszy \u015bw. o godz. 11.00.<\/li>\n<li>Przysz\u0142a niedziela\u00a0 25 marca to ju\u017c Niedziela Palmowa. Przynosimy do ko\u015bcio\u0142a palmy, kt\u00f3re w czasie liturgii zostan\u0105 po\u015bwi\u0119cone.<\/li>\n<li>Uroczysto\u015b\u0107 Zwiastowania Pa\u0144skiego obchodzona 25 marca \/ w tym Roku to Niedziela Palmowa \/\u00a0 zostaje przeniesiona na 9 kwietnia.<\/li>\n<li>Wszystkim parafianom i go\u015bciom \u017cyczymy zdrowia, mi\u0142ej\u00a0 niedzieli i \u00a0b\u0142ogos\u0142awionego tygodnia.<\/li>\n<li>Zach\u0119camy do nabywania i czytania prasy katolickiej.<\/li>\n<\/ol>\n<p><strong>Intencje Mszalne <\/strong><strong>\u00a018\u00a0 \u2013 25 Marzec\u00a0 2018<\/strong><\/p>\n<p><strong>Nd.\u00a0 18. III. 2018\u00a0\u00a0\u00a0\u00a0 V\u00a0 Niedziela Wielkiego Postu<br \/>\n<\/strong>g. 9.00\u00a0\u00a0 Mariann\u0119 Jaworsk\u0105<br \/>\ng. 11.00 + Kazimierza i Paw\u0142a<br \/>\ng. 12.00\u00a0\u00a0 <strong>Gorzkie \u017bale<br \/>\n<\/strong>g. 12.30 + Helen\u0119 \u0141uniewsk\u0105\u00a0 gr. 17<br \/>\n<strong>Pn.\u00a0\u00a0\u00a0 19. III<\/strong>\u00a0\u00a0 g. \u00a0\u00a07.00<strong>\u00a0 <\/strong>+ Helen\u0119 \u0141uniewsk\u0105\u00a0 gr. 18<br \/>\n<strong>Wt.\u00a0\u00a0 20. III\u00a0\u00a0 <\/strong>g.\u00a0\u00a0 7.00\u00a0 + Helen\u0119 \u0141uniewsk\u0105\u00a0 gr. 19<br \/>\n<strong>\u015ar.\u00a0\u00a0\u00a0 21. III\u00a0\u00a0 <\/strong>g.\u00a0\u00a0 7.00 <strong>\u00a0<\/strong>+ Helen\u0119 \u0141uniewsk\u0105\u00a0 gr. 20<br \/>\n<strong>Czw. 22. III\u00a0 <\/strong>g.\u00a0\u00a0 7.00 <strong>\u00a0<\/strong>+ Helen\u0119 \u0141uniewsk\u0105\u00a0\u00a0 gr. 21<br \/>\n<strong>Pt.\u00a0\u00a0\u00a0\u00a0 23. III<br \/>\n<\/strong>g. 17.30\u00a0\u00a0 \u00a0\u00a0<strong>Droga Krzy\u017cowa<br \/>\n<\/strong>g. 18.00 + Helen\u0119 \u0141uniewsk\u0105\u00a0\u00a0 gr. 22<br \/>\ng. 18.30\u00a0 + Tymona Zakrzewskiego w 1 rocz. \u015bm.<br \/>\n<strong>Sob.\u00a0 24. III<\/strong>\u00a0\u00a0 g. 7.00\u00a0 + Helen\u0119 \u0141uniewsk\u0105\u00a0 gr. 23<br \/>\n<strong>Nd.\u00a0 25. III. 2018\u00a0\u00a0\u00a0\u00a0 \u00a0\u00a0<u>Niedziela Palmowa<br \/>\n<\/u><\/strong>g. 9.00\u00a0\u00a0 Int. zam.<br \/>\ng. 11.00 Int. zam.<br \/>\ng. 12.00\u00a0\u00a0 <strong>Gorzkie \u017bale<br \/>\n<\/strong>g. 12.30 + Helen\u0119 \u0141uniewsk\u0105\u00a0 gr. 24<\/p>\n<p>&nbsp;<\/p>\n","protected":false},"excerpt":{"rendered":"<p>Dzisiaj i w nast\u0119pn\u0105 niedziel\u0119 25 marca po Mszach \u015bw. przy wyj\u015bciu z \u00a0ko\u015bcio\u0142a b\u0119d\u0105 zbierane ofiary na kwiaty do grobu Pana Jezusa. Mo\u017cna te\u017c je z\u0142o\u017cy\u0107 osobi\u015bcie do ksi\u0119dza. Za wszystkie ofiary sk\u0142adamy serdeczne B\u00f3g zap\u0142a\u0107. Ze wzgl\u0119du na spowied\u017a w Radzyminie w dnach od 19 do 21 marca [&hellip;]<\/p>\n","protected":false},"author":2,"featured_media":0,"comment_status":"closed","ping_status":"closed","sticky":false,"template":"","format":"standard","meta":[],"categories":[2],"tags":[],"_links":{"self":[{"href":"http:\/\/www.parafiakuligow.pl\/index.php\/wp-json\/wp\/v2\/posts\/1042"}],"collection":[{"href":"http:\/\/www.parafiakuligow.pl\/index.php\/wp-json\/wp\/v2\/posts"}],"about":[{"href":"http:\/\/www.parafiakuligow.pl\/index.php\/wp-json\/wp\/v2\/types\/post"}],"author":[{"embeddable":true,"href":"http:\/\/www.parafiakuligow.pl\/index.php\/wp-json\/wp\/v2\/users\/2"}],"replies":[{"embeddable":true,"href":"http:\/\/www.parafiakuligow.pl\/index.php\/wp-json\/wp\/v2\/comments?post=1042"}],"version-history":[{"count":1,"href":"http:\/\/www.parafiakuligow.pl\/index.php\/wp-json\/wp\/v2\/posts\/1042\/revisions"}],"predecessor-version":[{"id":1043,"href":"http:\/\/www.parafiakuligow.pl\/index.php\/wp-json\/wp\/v2\/posts\/1042\/revisions\/1043"}],"wp:attachment":[{"href":"http:\/\/www.parafiakuligow.pl\/index.php\/wp-json\/wp\/v2\/media?parent=1042"}],"wp:term":[{"taxonomy":"category","embeddable":true,"href":"http:\/\/www.parafiakuligow.pl\/index.php\/wp-json\/wp\/v2\/categories?post=1042"},{"taxonomy":"post_tag","embeddable":true,"href":"http:\/\/www.parafiakuligow.pl\/index.php\/wp-json\/wp\/v2\/tags?post=1042"}],"curies":[{"name":"wp","href":"https:\/\/api.w.org\/{rel}","templated":true}]}}