{"id":1037,"date":"2018-03-08T12:20:24","date_gmt":"2018-03-08T11:20:24","guid":{"rendered":"http:\/\/www.parafiakuligow.pl\/?p=1037"},"modified":"2018-03-08T12:20:24","modified_gmt":"2018-03-08T11:20:24","slug":"04-marzec-2018-iii-niedziela-wielkiego-postu","status":"publish","type":"post","link":"http:\/\/www.parafiakuligow.pl\/index.php\/2018\/03\/08\/04-marzec-2018-iii-niedziela-wielkiego-postu\/","title":{"rendered":"04 marzec 2018 &#8211; III Niedziela Wielkiego Postu"},"content":{"rendered":"<ol>\n<li>Dzi\u015b pierwsza niedziela miesi\u0105ca. Po Mszy \u015bwi\u0119tej o godz. 11.00 Gorzkie \u017bale.<\/li>\n<li>Tydzie\u0144 temu w zbi\u00f3rce do puszek na dzie\u0142o misyjne zebrali\u015bmy 200 z\u0142. B\u00f3g\u00a0 zap\u0142a\u0107 za ka\u017cd\u0105 z\u0142o\u017con\u0105\u00a0 na misj\u0119 ofiar\u0119.<\/li>\n<li>W przysz\u0142\u0105 niedziel\u0119 po Mszy \u015bw. o godz. 11.00 kolejne spotkanie rodzic\u00f3w i dzieci przygotowuj\u0105cych si\u0119 do I\u00a0 Komunii \u015bw.<\/li>\n<li>Przypominamy, \u017ce Msza \u015bw. w \u015brody o godz. 18.00 po\u0142\u0105czona jest z nowenn\u0105 do Matki Bo\u017cej Nieustaj\u0105cej Pomocy. Serdecznie zapraszamy.<\/li>\n<li>Zapraszamy do udzia\u0142u w wielkopostnych nabo\u017ce\u0144stwach ku czci M\u0119ki Pa\u0144skiej. Droga krzy\u017cowa w pi\u0105tki o godz. 17.30. Gorzkie \u017cale w niedziele po Mszy \u015bw. o godz. 11.00. Zapraszamy doros\u0142ych, m\u0142odzie\u017c oraz dzieci.<\/li>\n<li>Wszystkim parafianom i go\u015bciom \u017cyczymy zdrowia, mi\u0142ej\u00a0 niedzieli i b\u0142ogos\u0142awionego tygodnia<\/li>\n<li>Zach\u0119camy do czytania prasy katolickiej.<\/li>\n<\/ol>\n<p><strong>Intencje Mszalne <\/strong><strong>\u00a004\u00a0 \u2013 11 Marzec\u00a0 2018<\/strong><\/p>\n<p><strong>Nd.\u00a0 04. III. 2018\u00a0\u00a0\u00a0\u00a0 III\u00a0 Niedziela Wielkiego Postu<br \/>\n<\/strong>g. 9.00\u00a0\u00a0 + Helen\u0119 \u0141uniewsk\u0105\u00a0 gr. 2<br \/>\ng. 11.00 Int. zam.<br \/>\ng. 12.00\u00a0\u00a0 <strong>Gorzkie \u017bale<br \/>\n<\/strong><strong>Pn.\u00a0\u00a0\u00a0 05. I<\/strong>II\u00a0\u00a0 g. 18.00<strong>\u00a0 <\/strong>+ Helen\u0119 \u0141uniewsk\u0105\u00a0 gr. 3<br \/>\n<strong>Wt.\u00a0\u00a0 06. III\u00a0\u00a0 <\/strong>g.\u00a0\u00a0 7.00\u00a0 + Helen\u0119 \u0141uniewsk\u0105\u00a0 gr. 4<br \/>\n<strong>\u015ar.\u00a0\u00a0\u00a0 07. III\u00a0\u00a0 <\/strong>g. 18.00 <strong>\u00a0<\/strong>+ Za zmar\u0142ych polecanych w wypominkach + Helen\u0119 \u0141uniewsk\u0105\u00a0 gr. 5<br \/>\n<strong>Czw. 08. III\u00a0 <\/strong>g.\u00a0\u00a0 7.00 <strong>\u00a0<\/strong>+ Helen\u0119 \u0141uniewsk\u0105\u00a0\u00a0 gr. 6<br \/>\n<strong>Pt.\u00a0\u00a0\u00a0\u00a0 09. III<br \/>\n<\/strong>g. 17.30\u00a0\u00a0 \u00a0\u00a0<strong>Droga Krzy\u017cowa<br \/>\n<\/strong>g. 18.00 + Helen\u0119 \u0141uniewsk\u0105\u00a0\u00a0 gr. 7<br \/>\n<strong>Sob.\u00a0 10. III<\/strong>\u00a0\u00a0 g. 18.00\u00a0 + Helen\u0119 \u0141uniewsk\u0105\u00a0\u00a0 gr. 8<br \/>\n<strong> Nd.\u00a0 11. III. 2018\u00a0\u00a0\u00a0\u00a0 IV\u00a0 Niedziela Wielkiego Postu<br \/>\n<\/strong>g. 9.00\u00a0\u00a0 Int. zam.<br \/>\ng. 11.00 + Janin\u0119 Gawlik<br \/>\ng. 12.00\u00a0\u00a0 <strong>Gorzkie \u017bale<br \/>\n<\/strong>g. 12.30 + Helen\u0119 \u0141uniewsk\u0105\u00a0 gr. 9<\/p>\n<p>&nbsp;<\/p>\n","protected":false},"excerpt":{"rendered":"<p>Dzi\u015b pierwsza niedziela miesi\u0105ca. Po Mszy \u015bwi\u0119tej o godz. 11.00 Gorzkie \u017bale. Tydzie\u0144 temu w zbi\u00f3rce do puszek na dzie\u0142o misyjne zebrali\u015bmy 200 z\u0142. B\u00f3g\u00a0 zap\u0142a\u0107 za ka\u017cd\u0105 z\u0142o\u017con\u0105\u00a0 na misj\u0119 ofiar\u0119. W przysz\u0142\u0105 niedziel\u0119 po Mszy \u015bw. o godz. 11.00 kolejne spotkanie rodzic\u00f3w i dzieci przygotowuj\u0105cych si\u0119 do I\u00a0 [&hellip;]<\/p>\n","protected":false},"author":2,"featured_media":0,"comment_status":"closed","ping_status":"closed","sticky":false,"template":"","format":"standard","meta":[],"categories":[2],"tags":[],"_links":{"self":[{"href":"http:\/\/www.parafiakuligow.pl\/index.php\/wp-json\/wp\/v2\/posts\/1037"}],"collection":[{"href":"http:\/\/www.parafiakuligow.pl\/index.php\/wp-json\/wp\/v2\/posts"}],"about":[{"href":"http:\/\/www.parafiakuligow.pl\/index.php\/wp-json\/wp\/v2\/types\/post"}],"author":[{"embeddable":true,"href":"http:\/\/www.parafiakuligow.pl\/index.php\/wp-json\/wp\/v2\/users\/2"}],"replies":[{"embeddable":true,"href":"http:\/\/www.parafiakuligow.pl\/index.php\/wp-json\/wp\/v2\/comments?post=1037"}],"version-history":[{"count":1,"href":"http:\/\/www.parafiakuligow.pl\/index.php\/wp-json\/wp\/v2\/posts\/1037\/revisions"}],"predecessor-version":[{"id":1038,"href":"http:\/\/www.parafiakuligow.pl\/index.php\/wp-json\/wp\/v2\/posts\/1037\/revisions\/1038"}],"wp:attachment":[{"href":"http:\/\/www.parafiakuligow.pl\/index.php\/wp-json\/wp\/v2\/media?parent=1037"}],"wp:term":[{"taxonomy":"category","embeddable":true,"href":"http:\/\/www.parafiakuligow.pl\/index.php\/wp-json\/wp\/v2\/categories?post=1037"},{"taxonomy":"post_tag","embeddable":true,"href":"http:\/\/www.parafiakuligow.pl\/index.php\/wp-json\/wp\/v2\/tags?post=1037"}],"curies":[{"name":"wp","href":"https:\/\/api.w.org\/{rel}","templated":true}]}}