{"id":1031,"date":"2018-02-19T21:47:53","date_gmt":"2018-02-19T20:47:53","guid":{"rendered":"http:\/\/www.parafiakuligow.pl\/?p=1031"},"modified":"2018-02-19T21:47:53","modified_gmt":"2018-02-19T20:47:53","slug":"18-luty-2018-i-niedziela-wielkiego-postu","status":"publish","type":"post","link":"http:\/\/www.parafiakuligow.pl\/index.php\/2018\/02\/19\/18-luty-2018-i-niedziela-wielkiego-postu\/","title":{"rendered":"18  luty 2018 I Niedziela Wielkiego Postu"},"content":{"rendered":"<ol>\n<li>Do Sakramentu Ma\u0142\u017ce\u0144stwa przygotowuj\u0105 si\u0119 nast\u0119puj\u0105ce osoby:<br \/>\n<strong>Patryk \u00a0Krzysztof \u00a0Rosa<\/strong>, kawaler z parafii Podwy\u017cszenia \u00a0Krzy\u017ca \u015awi\u0119tego &#8211; D\u0105br\u00f3wka;<br \/>\n<strong>Natalia \u00a0M\u0142oduchowska<\/strong>, panna z parafii Chrystusa Kr\u00f3la &#8211; <strong>Warszawa,\u00a0<\/strong> <strong>zapowied\u017a II.<br \/>\n<\/strong>Kto by wiedzia\u0142 o przeszkodach zachodz\u0105cych mi\u0119dzy tymi osobami proszony \u00a0jest o poinformowanie w kancelarii parafialnej. Polecamy tych narzeczonych\u00a0 modlitwie wiernych.<\/li>\n<li>W ubieg\u0142\u0105 niedziel\u0119 podczas zbi\u00f3rki do puszek na leczenie i rehabilitacj\u0119 chorych dzieci zebrali\u015bmy 300 z\u0142otych. Wszystkim ofiarodawcom sk\u0142adam serdeczne B\u00f3g zap\u0142a\u0107. W przysz\u0142\u0105 niedziel\u0119 zbi\u00f3rka do puszek na dzie\u0142o misyjne \u201e Ad Gentes\u201d \/ tzn. do narod\u00f3w \/.<\/li>\n<li>W czwartek 22 lutego liturgiczne wspomnienie, \u015awi\u0119to Katedry \u015bw. Piotra i Paw\u0142a. Msza \u015bw. o godz. 7.00.<\/li>\n<li>W niedziel\u0119 25 lutego po Mszy \u015bw. o godz. 11.00 kolejne spotkanie rodzic\u00f3w i dzieci przygotowuj\u0105cych si\u0119 do I \u00a0Komunii \u015bw.<\/li>\n<li>\u015arod\u0105 popielcow\u0105 rozpocz\u0119li\u015bmy liturgiczny okres Wielkiego Postu, czas duchowej odnowy oraz przygotowania do obchodu Paschy i \u015awi\u0105t Wielkanocnych. Zapraszamy do udzia\u0142u w nabo\u017ce\u0144stwach \u00a0ku czci\u00a0 M\u0119ki Pa\u0144skiej.<br \/>\n<strong>Droga Krzy\u017cowa <\/strong>w <strong>pi\u0105tki<\/strong> o godz. 17.30.<br \/>\n<strong>Gorzkie \u017bale<\/strong>\u00a0 w \u00a0<strong>niedziele<\/strong> po Mszy \u015bw. o godz. 11.00.<\/li>\n<li>Zach\u0119camy do czytania prasy katolickiej.<\/li>\n<\/ol>\n<p><strong>Intencje Mszalne <\/strong><strong>18 \u2013 25 Luty\u00a0 2018<\/strong><\/p>\n<p><strong>\u00a0<\/strong><strong>Nd.\u00a0 18. II. 2018\u00a0\u00a0\u00a0 I Niedziela Wielkiego Postu<br \/>\n<\/strong>g. 9.00\u00a0\u00a0 Int. zam.<br \/>\ng. 11.00<strong> + <\/strong>Juli\u0119 Cichock\u0105 w 20 rocz. \u015bm.<br \/>\ng. 12.00 <strong>Gorzkie \u017bale<br \/>\n<\/strong>g. 12.30 + Mariana Goleckiego\u00a0 gr. 18<br \/>\n<strong>Pn.\u00a0\u00a0\u00a0 19. I<\/strong>I\u00a0\u00a0 g. 18.00<strong>\u00a0 + <\/strong>Mariana Goleckiego\u00a0 gr. 19<br \/>\n<strong>Wt.\u00a0\u00a0 20. II\u00a0\u00a0 <\/strong>g.\u00a0\u00a0 7.00\u00a0 + Mariana Goleckiego\u00a0 gr. 20<br \/>\n<strong>\u015ar.\u00a0\u00a0\u00a0 21. II\u00a0 \u00a0\u00a0<\/strong>g.\u00a0 18.00 <strong>\u00a0+ <\/strong>Mariana Goleckiego\u00a0 gr. 21<br \/>\n<strong>Czw. 22. II<br \/>\n<\/strong>g. 7.00\u00a0 Int. zam.<br \/>\ng. 7.30 <strong>\u00a0+ <\/strong>Mariana Goleckiego\u00a0 gr. 22<br \/>\n<strong>Pt.\u00a0\u00a0\u00a0\u00a0 23. II<br \/>\n<\/strong>g. 17.30\u00a0\u00a0 <strong>Droga Krzy\u017cowa<br \/>\n<\/strong>g. 18.00\u00a0\u00a0 <strong>+ <\/strong>Mariana Goleckiego\u00a0 gr. 23<br \/>\n<strong>Sob. \u00a024. II<\/strong><br \/>\ng. 17.30\u00a0 \u00a0<strong>+ <\/strong>Mariana Goleckiego\u00a0 gr. 24<br \/>\ng. 18.00\u00a0 + Ks. Krzysztofa Krzesi\u0144skiego (w int. ofiar.)<\/p>\n<p><strong>Nd.\u00a0 25. II. 2018 \u00a0\u00a0\u00a0\u00a0II \u00a0Niedziela Wielkiego Postu<br \/>\n<\/strong>g. 9.00\u00a0 \u00a0Int. zam.<br \/>\ng. 11.00<strong> \u00a0<\/strong>Int. zam.<br \/>\ng. 12.00 \u00a0<strong>Gorzkie \u017bale<br \/>\n<\/strong>g. 12.30 \u00a0+ Mariana Goleckiego\u00a0 gr. 25<\/p>\n<p>&nbsp;<\/p>\n<p>&nbsp;<\/p>\n","protected":false},"excerpt":{"rendered":"<p>Do Sakramentu Ma\u0142\u017ce\u0144stwa przygotowuj\u0105 si\u0119 nast\u0119puj\u0105ce osoby: Patryk \u00a0Krzysztof \u00a0Rosa, kawaler z parafii Podwy\u017cszenia \u00a0Krzy\u017ca \u015awi\u0119tego &#8211; D\u0105br\u00f3wka; Natalia \u00a0M\u0142oduchowska, panna z parafii Chrystusa Kr\u00f3la &#8211; Warszawa,\u00a0 zapowied\u017a II. Kto by wiedzia\u0142 o przeszkodach zachodz\u0105cych mi\u0119dzy tymi osobami proszony \u00a0jest o poinformowanie w kancelarii parafialnej. Polecamy tych narzeczonych\u00a0 modlitwie wiernych. [&hellip;]<\/p>\n","protected":false},"author":2,"featured_media":0,"comment_status":"closed","ping_status":"closed","sticky":false,"template":"","format":"standard","meta":[],"categories":[2],"tags":[],"_links":{"self":[{"href":"http:\/\/www.parafiakuligow.pl\/index.php\/wp-json\/wp\/v2\/posts\/1031"}],"collection":[{"href":"http:\/\/www.parafiakuligow.pl\/index.php\/wp-json\/wp\/v2\/posts"}],"about":[{"href":"http:\/\/www.parafiakuligow.pl\/index.php\/wp-json\/wp\/v2\/types\/post"}],"author":[{"embeddable":true,"href":"http:\/\/www.parafiakuligow.pl\/index.php\/wp-json\/wp\/v2\/users\/2"}],"replies":[{"embeddable":true,"href":"http:\/\/www.parafiakuligow.pl\/index.php\/wp-json\/wp\/v2\/comments?post=1031"}],"version-history":[{"count":1,"href":"http:\/\/www.parafiakuligow.pl\/index.php\/wp-json\/wp\/v2\/posts\/1031\/revisions"}],"predecessor-version":[{"id":1032,"href":"http:\/\/www.parafiakuligow.pl\/index.php\/wp-json\/wp\/v2\/posts\/1031\/revisions\/1032"}],"wp:attachment":[{"href":"http:\/\/www.parafiakuligow.pl\/index.php\/wp-json\/wp\/v2\/media?parent=1031"}],"wp:term":[{"taxonomy":"category","embeddable":true,"href":"http:\/\/www.parafiakuligow.pl\/index.php\/wp-json\/wp\/v2\/categories?post=1031"},{"taxonomy":"post_tag","embeddable":true,"href":"http:\/\/www.parafiakuligow.pl\/index.php\/wp-json\/wp\/v2\/tags?post=1031"}],"curies":[{"name":"wp","href":"https:\/\/api.w.org\/{rel}","templated":true}]}}