{"id":1016,"date":"2018-01-29T12:13:22","date_gmt":"2018-01-29T11:13:22","guid":{"rendered":"http:\/\/www.parafiakuligow.pl\/?p=1016"},"modified":"2018-02-02T10:40:46","modified_gmt":"2018-02-02T09:40:46","slug":"28-styczen-2018-iv-niedziela-zwykla","status":"publish","type":"post","link":"http:\/\/www.parafiakuligow.pl\/index.php\/2018\/01\/29\/28-styczen-2018-iv-niedziela-zwykla\/","title":{"rendered":"28 Stycze\u0144 2018 &#8211; IV Niedziela zwyk\u0142a"},"content":{"rendered":"<ol>\n<li>W pi\u0105tek 2 lutego \u015awi\u0119to Ofiarowania Pa\u0144skiego \/ Matki Bo\u017cej Gromnicznej \/. Msza \u015bw. o godz. 18.00. Przynosimy ze sob\u0105 \u015bwiece. W tym dniu przypada tak\u017ce Dzie\u0144 \u017bycia Konsekrowanego. Ofiary sk\u0142adane na tac\u0119 przeznaczamy na zakony klauzurowe.<\/li>\n<li>R\u00f3wnie\u017c w najbli\u017cszy pi\u0105tek 2 lutego przypada I pi\u0105tek miesi\u0105ca.Spowied\u017a od godz. 17.30.<\/li>\n<li>W przysz\u0142\u0105 niedziel\u0119 z racji pierwszej niedzieli miesi\u0105ca po Mszy \u015bw. o godz. 11.00 wystawienie Naj\u015bwi\u0119tszego Sakramentu i adoracja Eucharystyczna.<\/li>\n<li>W niedziel\u0119 \u00a04 \u00a0lutego po Mszy \u015bw. godz.11.00 spotkanie rodzic\u00f3w i dzieci przygotowuj\u0105cych si\u0119 do\u00a0 I\u00a0 Komunii \u015bwi\u0119tej.<\/li>\n<li>Rocznic\u0119 I\u00a0 Komunii \u015bw. razem z dzie\u0107mi i ich rodzicami b\u0119dziemy prze\u017cywa\u0107 w naszej parafii \u00a031 maja na Mszy \u015bw. o godz. 9.00.<\/li>\n<li>Wszystkim parafianom i go\u015bciom \u017cyczymy b\u0142ogos\u0142awionej niedzieli i dobrego tygodnia.<\/li>\n<li>Zach\u0119camy do czytania prasy katolickiej.<\/li>\n<\/ol>\n<p><strong>Intencje Mszalne <\/strong><strong>28 Stycze\u0144 \u2013 04\u00a0 Luty\u00a0 2018<br \/>\n<\/strong><\/p>\n<p><strong>Nd.\u00a0 28. I. 2018\u00a0 \u00a0IV Niedziela zwyk\u0142a<br \/>\n<\/strong>g. 9.00\u00a0 <strong>+ <\/strong>Eugeniusza \u0141ukasik\u00a0 gr. 28<br \/>\ng. 11.00<strong> + <\/strong>Sylwestra w 9 rocz. \u015bm., Tomasza, Marcel\u0119, Antoniego\u00a0Sokulskich.<br \/>\n<strong>Pn.\u00a0\u00a0\u00a0 29. I<\/strong>\u00a0\u00a0\u00a0 g.\u00a0 18.00<strong>\u00a0 + <\/strong>Eugeniusza \u0141ukasik\u00a0 gr. 29<br \/>\n<strong>Wt.\u00a0\u00a0 30. I\u00a0\u00a0\u00a0 <\/strong>g.\u00a0\u00a0 7.00\u00a0\u00a0 +\u00a0 Eugeniusza \u0141ukasik\u00a0 gr. 30<br \/>\n<strong>\u015ar.\u00a0\u00a0\u00a0 31. I\u00a0\u00a0\u00a0 <\/strong>g.\u00a0 18.00<strong>\u00a0\u00a0\u00a0\u00a0\u00a0 <\/strong>Za Parafian<br \/>\n<strong>Czw. 01. II\u00a0\u00a0 <\/strong>g.\u00a0 7.00\u00a0\u00a0 <strong>+ <\/strong>Mariana G0leckiego\u00a0 gr. 1<br \/>\n<strong>Pt.\u00a0\u00a0\u00a0 02. II\u00a0\u00a0 <\/strong>g. 18.00\u00a0\u00a0 <strong>+ <\/strong>Mariana Goleckiego\u00a0 gr. 2<br \/>\n<strong>Sob. 03. II<\/strong><br \/>\ng. 17.15\u00a0 Dzi\u0119kczynna. O Bo\u017ce b\u0142ogos\u0142awie\u0144stwo i opiek\u0119 Matki Bo\u017cej dla Rafa\u0142a z okazji 18 rocznicy urodzin.<br \/>\ng. 18.00\u00a0 <strong>+\u00a0 <\/strong>Mariana Goleckiego\u00a0 gr. 3<br \/>\n<strong>Nd.\u00a0 04. II. 2018\u00a0\u00a0 V Niedziela zwyk\u0142a<br \/>\n<\/strong>g. 9.00<strong> + <\/strong>Halin\u0119 Miecznikowsk\u0105<br \/>\ng. 11.00\u00a0 <strong>+ <\/strong>Mariana Goleckiego\u00a0 gr. 4<\/p>\n","protected":false},"excerpt":{"rendered":"<p>W pi\u0105tek 2 lutego \u015awi\u0119to Ofiarowania Pa\u0144skiego \/ Matki Bo\u017cej Gromnicznej \/. Msza \u015bw. o godz. 18.00. Przynosimy ze sob\u0105 \u015bwiece. W tym dniu przypada tak\u017ce Dzie\u0144 \u017bycia Konsekrowanego. Ofiary sk\u0142adane na tac\u0119 przeznaczamy na zakony klauzurowe. R\u00f3wnie\u017c w najbli\u017cszy pi\u0105tek 2 lutego przypada I pi\u0105tek miesi\u0105ca.Spowied\u017a od godz. 17.30. [&hellip;]<\/p>\n","protected":false},"author":2,"featured_media":0,"comment_status":"closed","ping_status":"closed","sticky":false,"template":"","format":"standard","meta":[],"categories":[2],"tags":[],"_links":{"self":[{"href":"http:\/\/www.parafiakuligow.pl\/index.php\/wp-json\/wp\/v2\/posts\/1016"}],"collection":[{"href":"http:\/\/www.parafiakuligow.pl\/index.php\/wp-json\/wp\/v2\/posts"}],"about":[{"href":"http:\/\/www.parafiakuligow.pl\/index.php\/wp-json\/wp\/v2\/types\/post"}],"author":[{"embeddable":true,"href":"http:\/\/www.parafiakuligow.pl\/index.php\/wp-json\/wp\/v2\/users\/2"}],"replies":[{"embeddable":true,"href":"http:\/\/www.parafiakuligow.pl\/index.php\/wp-json\/wp\/v2\/comments?post=1016"}],"version-history":[{"count":4,"href":"http:\/\/www.parafiakuligow.pl\/index.php\/wp-json\/wp\/v2\/posts\/1016\/revisions"}],"predecessor-version":[{"id":1025,"href":"http:\/\/www.parafiakuligow.pl\/index.php\/wp-json\/wp\/v2\/posts\/1016\/revisions\/1025"}],"wp:attachment":[{"href":"http:\/\/www.parafiakuligow.pl\/index.php\/wp-json\/wp\/v2\/media?parent=1016"}],"wp:term":[{"taxonomy":"category","embeddable":true,"href":"http:\/\/www.parafiakuligow.pl\/index.php\/wp-json\/wp\/v2\/categories?post=1016"},{"taxonomy":"post_tag","embeddable":true,"href":"http:\/\/www.parafiakuligow.pl\/index.php\/wp-json\/wp\/v2\/tags?post=1016"}],"curies":[{"name":"wp","href":"https:\/\/api.w.org\/{rel}","templated":true}]}}