{"id":1014,"date":"2018-01-22T22:14:26","date_gmt":"2018-01-22T21:14:26","guid":{"rendered":"http:\/\/www.parafiakuligow.pl\/?p=1014"},"modified":"2018-01-29T12:15:43","modified_gmt":"2018-01-29T11:15:43","slug":"21-styczen-2018-iii-niedziela-zwykla","status":"publish","type":"post","link":"http:\/\/www.parafiakuligow.pl\/index.php\/2018\/01\/22\/21-styczen-2018-iii-niedziela-zwykla\/","title":{"rendered":"21  Stycze\u0144 2018 &#8211; III Niedziela zwyk\u0142a"},"content":{"rendered":"<ol>\n<li>W najbli\u017cszy czwartek 25 stycznia w \u015bwi\u0119to Nawr\u00f3cenia \u015bw. Paw\u0142a Aposto\u0142a ko\u0144czy si\u0119\u00a0 Tydzie\u0144 modlitw o jedno\u015b\u0107 chrze\u015bcijan pod has\u0142em: Prawica Twoja ws\u0142awi\u0142a si\u0119 moc\u0105 (Wj 15,6). Msza \u015bw. o godz. 7.00.<\/li>\n<li>W tym tygodniu na pro\u015bb\u0119 ks. Dziekana z Radzymina b\u0119d\u0119 pomaga\u0142 w kol\u0119dzie. Z tej racji Msze \u015bw. z wyj\u0105tkiem soboty b\u0119d\u0105\u00a0 odprawiane w naszym ko\u015bciele o godz. 7.00.<\/li>\n<li>Za dwa tygodnie 4 lutego po Mszy \u015bw. godz.11.00 spotkanie rodzic\u00f3w i dzieci przygotowuj\u0105cych si\u0119 do\u00a0 I\u00a0 Komunii \u015bwi\u0119tej.<\/li>\n<li>Wszystkim parafianom i go\u015bciom \u017cyczymy b\u0142ogos\u0142awionej niedzieli i dobrego tygodnia.<strong><br \/>\n<\/strong><\/li>\n<\/ol>\n<p><strong>\u00a0<\/strong><strong>Intencje Mszalne <\/strong><strong>21 \u2013 28 \u00a0Stycze\u0144\u00a0 2018<\/strong><\/p>\n<p><strong>Nd.\u00a0 21. I. 2018,\u00a0\u00a0 III Niedziela zwyk\u0142a<br \/>\n<\/strong>g. 9.00\u00a0 <strong>+ <\/strong>Int. zam.<br \/>\ng. 11.00<strong> + <\/strong>Int. zam.<br \/>\ng. 12.00 + Eugeniusza \u0141ukasik\u00a0 gr. 21<br \/>\n<strong>Pn.\u00a0\u00a0\u00a0 22. I<\/strong><br \/>\ng. 7.00<strong>\u00a0 + <\/strong>Eugeniusza \u0141ukasik\u00a0 gr. 22<br \/>\ng. 7.30<strong>\u00a0 + <\/strong>Ann\u0119 Kubiak w 30 dni od \u015bmierci.<br \/>\n<strong>Wt.\u00a0\u00a0 23. I\u00a0\u00a0\u00a0 <\/strong>g.\u00a0 7.00\u00a0\u00a0 +\u00a0 Eugeniusza \u0141ukasik\u00a0 gr. 23<br \/>\n<strong>\u015ar.\u00a0\u00a0\u00a0 24. I\u00a0\u00a0\u00a0 <\/strong>g.\u00a0 7.00<strong>\u00a0 +\u00a0 <\/strong>Eugeniusza \u0141ukasik\u00a0 gr. 24<br \/>\n<strong>Czw. 25. I\u00a0\u00a0 <\/strong>g.\u00a0 7.00\u00a0\u00a0\u00a0 <strong>+\u00a0 <\/strong>Eugeniusza \u0141ukasik\u00a0 gr. 25<br \/>\n<strong>Pt.\u00a0\u00a0\u00a0 26. I\u00a0\u00a0\u00a0 <\/strong>g.\u00a0 7.00\u00a0\u00a0 <strong>+ <\/strong>Eugeniusza \u0141ukasik\u00a0 gr. 26<br \/>\n<strong>Sob. 27. I<\/strong><br \/>\ng. 17.30\u00a0 <strong>+ <\/strong>Eugeniusza \u0141ukasik\u00a0 gr. 27<strong><br \/>\n<\/strong>g. 18.00 + Franciszka Karasiewicza.<br \/>\n<strong>Nd.\u00a0 28. I. 2018,\u00a0 IV Niedziela zwyk\u0142a<br \/>\n<\/strong>g. 9.00\u00a0 <strong>+ <\/strong>Eugeniusza \u0141ukasik\u00a0 gr. 28<br \/>\ng. 11.00<strong> + <\/strong>Sylwestra w 9 rocz. \u015bm., Tomasza, Marcel\u0119, Antoniego Sokulskich.<\/p>\n","protected":false},"excerpt":{"rendered":"<p>W najbli\u017cszy czwartek 25 stycznia w \u015bwi\u0119to Nawr\u00f3cenia \u015bw. Paw\u0142a Aposto\u0142a ko\u0144czy si\u0119\u00a0 Tydzie\u0144 modlitw o jedno\u015b\u0107 chrze\u015bcijan pod has\u0142em: Prawica Twoja ws\u0142awi\u0142a si\u0119 moc\u0105 (Wj 15,6). Msza \u015bw. o godz. 7.00. W tym tygodniu na pro\u015bb\u0119 ks. Dziekana z Radzymina b\u0119d\u0119 pomaga\u0142 w kol\u0119dzie. Z tej racji Msze \u015bw. [&hellip;]<\/p>\n","protected":false},"author":2,"featured_media":0,"comment_status":"closed","ping_status":"closed","sticky":false,"template":"","format":"standard","meta":[],"categories":[2],"tags":[],"_links":{"self":[{"href":"http:\/\/www.parafiakuligow.pl\/index.php\/wp-json\/wp\/v2\/posts\/1014"}],"collection":[{"href":"http:\/\/www.parafiakuligow.pl\/index.php\/wp-json\/wp\/v2\/posts"}],"about":[{"href":"http:\/\/www.parafiakuligow.pl\/index.php\/wp-json\/wp\/v2\/types\/post"}],"author":[{"embeddable":true,"href":"http:\/\/www.parafiakuligow.pl\/index.php\/wp-json\/wp\/v2\/users\/2"}],"replies":[{"embeddable":true,"href":"http:\/\/www.parafiakuligow.pl\/index.php\/wp-json\/wp\/v2\/comments?post=1014"}],"version-history":[{"count":2,"href":"http:\/\/www.parafiakuligow.pl\/index.php\/wp-json\/wp\/v2\/posts\/1014\/revisions"}],"predecessor-version":[{"id":1021,"href":"http:\/\/www.parafiakuligow.pl\/index.php\/wp-json\/wp\/v2\/posts\/1014\/revisions\/1021"}],"wp:attachment":[{"href":"http:\/\/www.parafiakuligow.pl\/index.php\/wp-json\/wp\/v2\/media?parent=1014"}],"wp:term":[{"taxonomy":"category","embeddable":true,"href":"http:\/\/www.parafiakuligow.pl\/index.php\/wp-json\/wp\/v2\/categories?post=1014"},{"taxonomy":"post_tag","embeddable":true,"href":"http:\/\/www.parafiakuligow.pl\/index.php\/wp-json\/wp\/v2\/tags?post=1014"}],"curies":[{"name":"wp","href":"https:\/\/api.w.org\/{rel}","templated":true}]}}