{"id":1,"date":"2015-06-28T09:44:38","date_gmt":"2015-06-28T07:44:38","guid":{"rendered":"http:\/\/www.parafiakuligow.pl\/?p=1"},"modified":"2015-07-05T22:33:13","modified_gmt":"2015-07-05T20:33:13","slug":"informacja","status":"publish","type":"post","link":"http:\/\/www.parafiakuligow.pl\/index.php\/2015\/06\/28\/informacja\/","title":{"rendered":"5.07.2015 XIV niedziela zwyk\u0142a"},"content":{"rendered":"<div>1. Na Mszy \u015bw. o godz. 9.00 ks. pra\u0142at Stanis\u0142aw Ku\u0107 dziekan dekanatu radzymi\u0144skiego dokona kanonicznego wprowadzenia nowo mianowanego proboszcza ks. Zbigniewa Klocha<\/div>\n<div><\/div>\n<div>2. Z racji I niedzieli miesi\u0105ca po Mszy \u015bw. o godz 11.00 wystawienie Naj\u015bwi\u0119tszego sakramentu i adoracja eucharystyczna.<\/div>\n<div><\/div>\n<div>3. Ze wzgl\u0119du na bierzmowanie w J\u00f3zefowie w najbli\u017cszy wtorek 7 lipca Msza \u015bw. wyj\u0105tkowo zostanie odprawiona o godz. 7.00.<\/div>\n<div><\/div>\n<div>Intencje mszalne w tym tygodniu:<\/div>\n<div>pn 6.07 &#8211; wolna<\/div>\n<div>wt 7.07 &#8211; wolna<\/div>\n<div>\u015br 8.07 &#8211; wolna<\/div>\n<div>czw 9.07 &#8211; wolna<\/div>\n<div>pt 10.07 + Eugeniusza Kossakowskiego<\/div>\n<div>sob 11.07 + Henryka D\u0105browskiego<\/div>\n<div>ndz 12.07 9.00 + Anieli i Jana Pachulskich<\/div>\n<div>11.00 + Zdzis\u0142awa Kowalskiego<\/div>\n<div>15.00 + Marianny \u0141aszcz, Apolinarego \u0141aszcz, Czes\u0142awa Szpadkiewicza<\/div>\n<div><\/div>\n<div>5. Od dzi\u015b wida\u0107 nas tak\u017ce w internecie.<\/div>\n<div>Nasz adres to www.parafiakuligow.pl &lt;http:\/\/www.parafiakuligow.pl\/&gt;<\/div>\n<div>Za stworzenie strony internetowej naszej parafii serdecznie<\/div>\n<div>panu \u0141ukaszowi Winiarskiemu z Celestynowa.6. Wszystkim naszym parafianom i go\u015bciom \u017cyczymy<\/div>\n<div>mi\u0142ej niedzieli oraz dobrego i b\u0142ogos\u0142awionego tygodnia.<\/div>\n<div><\/div>\n<div>6. Wszystkim naszym parafianom i go\u015bciom \u017cyczymy mi\u0142ej niedzieli oraz dobrego i b\u0142ogos\u0142awionego tygodnia.<\/div>\n","protected":false},"excerpt":{"rendered":"<p>1. Na Mszy \u015bw. o godz. 9.00 ks. pra\u0142at Stanis\u0142aw Ku\u0107 dziekan dekanatu radzymi\u0144skiego dokona kanonicznego wprowadzenia nowo mianowanego proboszcza ks. Zbigniewa Klocha 2. Z racji I niedzieli miesi\u0105ca po Mszy \u015bw. o godz 11.00 wystawienie Naj\u015bwi\u0119tszego sakramentu i adoracja eucharystyczna. 3. Ze wzgl\u0119du na bierzmowanie w J\u00f3zefowie w najbli\u017cszy [&hellip;]<\/p>\n","protected":false},"author":1,"featured_media":0,"comment_status":"closed","ping_status":"open","sticky":false,"template":"","format":"standard","meta":[],"categories":[2],"tags":[12,15,7,11,14,9,6,3,5,8,10,4,13],"_links":{"self":[{"href":"http:\/\/www.parafiakuligow.pl\/index.php\/wp-json\/wp\/v2\/posts\/1"}],"collection":[{"href":"http:\/\/www.parafiakuligow.pl\/index.php\/wp-json\/wp\/v2\/posts"}],"about":[{"href":"http:\/\/www.parafiakuligow.pl\/index.php\/wp-json\/wp\/v2\/types\/post"}],"author":[{"embeddable":true,"href":"http:\/\/www.parafiakuligow.pl\/index.php\/wp-json\/wp\/v2\/users\/1"}],"replies":[{"embeddable":true,"href":"http:\/\/www.parafiakuligow.pl\/index.php\/wp-json\/wp\/v2\/comments?post=1"}],"version-history":[{"count":10,"href":"http:\/\/www.parafiakuligow.pl\/index.php\/wp-json\/wp\/v2\/posts\/1\/revisions"}],"predecessor-version":[{"id":66,"href":"http:\/\/www.parafiakuligow.pl\/index.php\/wp-json\/wp\/v2\/posts\/1\/revisions\/66"}],"wp:attachment":[{"href":"http:\/\/www.parafiakuligow.pl\/index.php\/wp-json\/wp\/v2\/media?parent=1"}],"wp:term":[{"taxonomy":"category","embeddable":true,"href":"http:\/\/www.parafiakuligow.pl\/index.php\/wp-json\/wp\/v2\/categories?post=1"},{"taxonomy":"post_tag","embeddable":true,"href":"http:\/\/www.parafiakuligow.pl\/index.php\/wp-json\/wp\/v2\/tags?post=1"}],"curies":[{"name":"wp","href":"https:\/\/api.w.org\/{rel}","templated":true}]}}